[{"command":"settings","settings":{"basePath":"\/","pathPrefix":"","ajaxPageState":{"theme":"bootstrap","theme_token":"eKQbknOLpqxZt7pMMfE8TOfSMpcHPtPXdy3Wu2gotjE"},"tb_social_feed":{"path":"https:\/\/undor.hu\/sites\/all\/modules\/tb_social_feed"},"bootstrap":{"anchorsFix":"0","anchorsSmoothScrolling":"0","formHasError":1,"popoverEnabled":1,"popoverOptions":{"animation":1,"html":0,"placement":"right","selector":"","trigger":"click","triggerAutoclose":1,"title":"","content":"","delay":0,"container":"body"},"tooltipEnabled":1,"tooltipOptions":{"animation":1,"html":0,"placement":"auto top","selector":"","trigger":"hover focus","delay":0,"container":"body"}}},"merge":true},{"command":"insert","method":"replaceWith","selector":"#node-227837","data":"\u003Carticle id=\u0022node-227837\u0022 class=\u0022node node-tb-social-feed node-promoted clearfix\u0022 about=\u0022\/content\/fb-24hu-2019-09-04-202099276507678-posts-2621405537910361\u0022 typeof=\u0022sioc:Item foaf:Document\u0022\u003E\n    \u003Cheader\u003E\n            \u003Ch2\u003E\u003Ca href=\u0022\/content\/fb-24hu-2019-09-04-202099276507678-posts-2621405537910361\u0022\u003Efb-24.hu-2019-09-04-202099276507678-posts-2621405537910361\u003C\/a\u003E\u003C\/h2\u003E\n        \u003Cspan property=\u0022dc:title\u0022 content=\u0022fb-24.hu-2019-09-04-202099276507678-posts-2621405537910361\u0022 class=\u0022rdf-meta element-hidden\u0022\u003E\u003C\/span\u003E\u003Cspan property=\u0022sioc:num_replies\u0022 content=\u00220\u0022 datatype=\u0022xsd:integer\u0022 class=\u0022rdf-meta element-hidden\u0022\u003E\u003C\/span\u003E      \u003C\/header\u003E\n    \u003Cdiv class=\u0022field field-name-field-poszt field-type-taxonomy-term-reference field-label-hidden\u0022\u003E\u003Cdiv class=\u0022field-items\u0022\u003E\u003Cdiv class=\u0022field-item even\u0022\u003E\u003Cimg typeof=\u0022foaf:Image\u0022 class=\u0022img-responsive\u0022 src=\u0022https:\/\/undor.hu\/sites\/default\/files\/styles\/medium\/public\/field\/postimage\/944694_1041096085941322_7325045577993780104_n%5B1%5D.jpg?itok=VFmN_ybB\u0022 alt=\u002224.hu\u0022 title=\u002224.hu\u0022 \/\u003E\u003C\/div\u003E\u003C\/div\u003E\u003C\/div\u003E\u003Cdiv class=\u0022field field-name-field-megjelent field-type-datetime field-label-hidden\u0022\u003E\u003Cdiv class=\u0022field-items\u0022\u003E\u003Cdiv class=\u0022field-item even\u0022\u003E\u003Cspan class=\u0022date-display-single\u0022 property=\u0022dc:date\u0022 datatype=\u0022xsd:dateTime\u0022 content=\u00222019-09-04T21:21:12+02:00\u0022\u003Eszerda, 2019,  szeptember 4 - 21:21\u003C\/span\u003E\u003C\/div\u003E\u003C\/div\u003E\u003C\/div\u003E\u003Cdiv class=\u0022field field-name-field-body0 field-type-text-with-summary field-label-hidden\u0022\u003E\u003Cdiv class=\u0022field-items\u0022\u003E\u003Cdiv class=\u0022field-item even\u0022\u003E\u003Cp\u003EAz AZ \u2013 M\u00e1sodik fejezet olyan b\u00e1tor k\u00e9zzel ny\u00fal Stephen King reg\u00e9ny\u00e9hez, hogy m\u00e1r majdnem nem is azt dolgozza fel. Kritika.\u003C\/p\u003E\n\u003C\/div\u003E\u003C\/div\u003E\u003C\/div\u003E\u003Cdiv class=\u0022field field-name-field-social-feed-type field-type-taxonomy-term-reference field-label-hidden\u0022\u003E\u003Cdiv class=\u0022field-items\u0022\u003E\u003Cdiv class=\u0022field-item even\u0022\u003E\u003Cimg typeof=\u0022foaf:Image\u0022 class=\u0022img-responsive\u0022 src=\u0022https:\/\/undor.hu\/sites\/default\/files\/styles\/icon\/public\/facebook-touch-for-android.thumb%5B1%5D.png?itok=cLqpWa1d\u0022 width=\u002230\u0022 height=\u002230\u0022 alt=\u0022Facebook\u0022 title=\u0022Facebook\u0022 \/\u003E\u003C\/div\u003E\u003C\/div\u003E\u003C\/div\u003E\u003Cdiv class=\u0022field field-name-field-socialimagelink field-type-computed field-label-hidden\u0022\u003E\u003Cdiv class=\u0022field-items\u0022\u003E\u003Cdiv class=\u0022field-item even\u0022\u003E\u003Ca onclick=\u0022PopupCenter(\u0027https:\/\/m.facebook.com\/202099276507678\/posts\/2621405537910361\u0027, \u0027popupkozep\u0027, 1, 1);\u0022\u003E\u003Cimg src=\u0022https:\/\/undor.hu\/sites\/default\/files\/field\/tb_social_feed\/tb_social_feed_img_1567625286.png\u0022 width=\u0022100%\u0022 height=\u0022auto\u0022\u003E \u003C\/a\u003E\u003C\/div\u003E\u003C\/div\u003E\u003C\/div\u003E\u003Cdiv class=\u0022field field-name-field-bodycaption field-type-text field-label-hidden\u0022\u003E\u003Cdiv class=\u0022field-items\u0022\u003E\u003Cdiv class=\u0022field-item even\u0022\u003E\u003Cp\u003E\u003Cem\u003E\u003Ci\u003E24.hu\u003C\/i\u003E\u003C\/em\u003E\u003C\/p\u003E\n\u003C\/div\u003E\u003C\/div\u003E\u003C\/div\u003E\u003Cdiv class=\u0022field field-name-field-bodytitle field-type-text field-label-hidden\u0022\u003E\u003Cdiv class=\u0022field-items\u0022\u003E\u003Cdiv class=\u0022field-item even\u0022\u003E\u003Cp\u003E\u003Cb\u003E\u003Cem\u003E\u00c1ztassuk meg az \u00f6sszes l\u00e9tez\u0151 testnedvben a v\u00e1sznat, mi baj lehet? | 24.hu\u003C\/em\u003E\u003C\/b\u003E\u003C\/p\u003E\n\u003C\/div\u003E\u003C\/div\u003E\u003C\/div\u003E\u003Cdiv class=\u0022field field-name-body field-type-text-with-summary field-label-hidden\u0022\u003E\u003Cdiv class=\u0022field-items\u0022\u003E\u003Cdiv class=\u0022field-item even\u0022 property=\u0022content:encoded\u0022\u003E\u003Cp\u003EAz AZ \u2013 M\u00e1sodik fejezet olyan b\u00e1tor k\u00e9zzel ny\u00fal Stephen King reg\u00e9ny\u00e9hez, hogy m\u00e1r majdnem nem is azt dolgozza fel. De az\u00e9rt m\u00e9g \u00edgy is el\u00e9gg\u00e9 rendben van, csak a katarzis marad el.\u003C\/p\u003E\n\u003C\/div\u003E\u003C\/div\u003E\u003C\/div\u003E\u003Cdiv class=\u0022field field-name-field-readtext field-type-computed field-label-hidden\u0022\u003E\u003Cdiv class=\u0022field-items\u0022\u003E\u003Cdiv class=\u0022field-item even\u0022\u003E\u003Cscript src=\u0022https:\/\/code.responsivevoice.org\/1.5.9\/responsivevoice.js?source=wp-plugin\u0026#038;ver=4.9.9\u0022\u003E\u003C\/script\u003E\u003Cp\u003E\u003Cinput onclick=\u0022responsiveVoice.speak(\u0027Forr\u00e1s: 24 pont hu . Megjelen\u00e9s: 2019.09.04 .21 \u00f3ra 21 perckor. Az AZ \u2013 M\u00e1sodik fejezet olyan b\u00e1tor k\u00e9zzel ny\u00fal Stephen King reg\u00e9ny\u00e9hez, hogy m\u00e1r majdnem nem is azt dolgozza fel. Kritika.Forr\u00e1s: 24 pont hu . \u00c1ztassuk meg az \u00f6sszes l\u00e9tez\u0151 testnedvben a v\u00e1sznat, mi baj lehet?   ,   Az AZ \u2013 M\u00e1sodik fejezet olyan b\u00e1tor k\u00e9zzel ny\u00fal Stephen King reg\u00e9ny\u00e9hez, hogy m\u00e1r majdnem nem is azt dolgozza fel. De az\u00e9rt m\u00e9g \u00edgy is el\u00e9gg\u00e9 rendben van, csak a katarzis marad el.\u0027 ,\u0027Hungarian Male\u0027);\u0022 type=\u0022button\u0022 value=\u0022 \u0026#9658;\u0022 title=\u0022Olvasd fel a sz\u00f6veget!\u0022;\/\u003E \u003Cinput onclick=\u0022responsiveVoice.pause()\u0022 id=\u0022pausebutton\u0022 type=\u0022button\u0022 value=\u0022 || \u0022 title=\u0022Pillanat meg\u00e1ll\u00edt\u00e1s\u0022; \u003E \u003Cinput onclick=\u0022responsiveVoice.resume()\u0022 id=\u0022resumebutton\u0022 type=\u0022button\u0022 value=\u0022|\u0026#9655;\u0022 title=\u0022Folytasd a felolvas\u00e1st!\u0022; \u003E \u003Cinput onclick=\u0022responsiveVoice.cancel()\u0022 id=\u0022stopbutton\u0022 type=\u0022button\u0022 value=\u0022 \u0026#10560; \u0022 title=\u0022V\u00e9ge a felovas\u00e1snak!\u0022; \u003E\u003C\/p\u003E\u003C\/div\u003E\u003C\/div\u003E\u003C\/div\u003E\u003Cdiv class=\u0022field field-name-field-external-popup field-type-computed field-label-hidden\u0022\u003E\u003Cdiv class=\u0022field-items\u0022\u003E\u003Cdiv class=\u0022field-item even\u0022\u003E\u003Ca onclick=\u0022PopupCenter         (\u0027https:\/\/24.hu\/kultura\/2019\/09\/04\/az-2-masodik-fejezet-kritika-filmkritika-stephen-king-it-chapter-two\/\u0027, \u0027popupkozep\u0027, 1, 1);\u0022\u003E\u003Cimg src=\u0022\/sites\/default\/files\/source.png\u0022 width=\u002250\u0022 height=\u002250\u0022\u003E Forr\u00e1s \u00bb \u003C\/a\u003E\u003C\/div\u003E\u003C\/div\u003E\u003C\/div\u003E     \u003Cfooter\u003E\n          \u003Cul class=\u0022links list-inline\u0022\u003E\u003Cli class=\u0022node-readless first last\u0022\u003E\u003Ca href=\u0022\/more\/node\/227837\/teaser\u0022 class=\u0022use-ajax\u0022\u003E\u003Cb\u003E\u2013\u003C\/b\u003E\u003C\/a\u003E\u003C\/li\u003E\n\u003C\/ul\u003E  \u003C\/footer\u003E\n      \u003C\/article\u003E","settings":null},{"command":"invoke","selector":"#node-227837","method":"addClass","arguments":["more-load node-teaser"]}]